{"id":1416,"date":"2021-09-21T09:20:00","date_gmt":"2021-09-21T09:20:00","guid":{"rendered":"https:\/\/cursopracticoseo.com\/colmed\/?p=1416"},"modified":"2025-09-12T10:19:29","modified_gmt":"2025-09-12T10:19:29","slug":"diaz-villarig-valora-el-talante-del-nuevo-consejero-de-sanidad","status":"publish","type":"post","link":"https:\/\/cursopracticoseo.com\/colmed\/diaz-villarig-valora-el-talante-del-nuevo-consejero-de-sanidad\/","title":{"rendered":"D\u00edaz Villarig valora el talante del nuevo consejero de Sanidad"},"content":{"rendered":"\t\t<div data-elementor-type=\"wp-post\" data-elementor-id=\"1416\" class=\"elementor elementor-1416\" data-elementor-post-type=\"post\">\n\t\t\t\t<div data-particle_enable=\"false\" data-particle-mobile-disabled=\"false\" class=\"elementor-element elementor-element-3296c3a e-flex e-con-boxed e-con e-parent\" data-id=\"3296c3a\" data-element_type=\"container\" data-settings=\"{&quot;background_background&quot;:&quot;classic&quot;}\">\n\t\t\t\t\t<div class=\"e-con-inner\">\n\t\t\t\t<div class=\"elementor-element elementor-element-d77fae8 elementor-widget elementor-widget-heading\" data-id=\"d77fae8\" data-element_type=\"widget\" data-widget_type=\"heading.default\">\n\t\t\t\t<div class=\"elementor-widget-container\">\n\t\t\t\t\t<h2 class=\"elementor-heading-title elementor-size-default\">D\u00edaz Villarig valora el talante del nuevo consejero de Sanidad<\/h2>\t\t\t\t<\/div>\n\t\t\t\t<\/div>\n\t\t\t\t\t<\/div>\n\t\t\t\t<\/div>\n\t\t<div data-particle_enable=\"false\" data-particle-mobile-disabled=\"false\" class=\"elementor-element elementor-element-8d7a01d e-flex e-con-boxed e-con e-parent\" data-id=\"8d7a01d\" data-element_type=\"container\">\n\t\t\t\t\t<div class=\"e-con-inner\">\n\t\t<div data-particle_enable=\"false\" data-particle-mobile-disabled=\"false\" class=\"elementor-element elementor-element-beab196 e-con-full e-flex e-con e-child\" data-id=\"beab196\" data-element_type=\"container\">\n\t\t\t\t<div class=\"elementor-element elementor-element-753a172 elementor-widget elementor-widget-heading\" data-id=\"753a172\" data-element_type=\"widget\" data-widget_type=\"heading.default\">\n\t\t\t\t<div class=\"elementor-widget-container\">\n\t\t\t\t\t<h2 class=\"elementor-heading-title elementor-size-default\">\"El consejero habla de consenso y conoce la gesti\u00f3n, no como ocurri\u00f3 con Casado, y ese consenso se necesita para reestructurar el sistema sanitario\"<\/h2>\t\t\t\t<\/div>\n\t\t\t\t<\/div>\n\t\t\t\t<\/div>\n\t\t<div data-particle_enable=\"false\" data-particle-mobile-disabled=\"false\" class=\"elementor-element elementor-element-0c3746a e-con-full e-flex e-con e-child\" data-id=\"0c3746a\" data-element_type=\"container\">\n\t\t\t\t<div class=\"elementor-element elementor-element-827cddf elementor-widget elementor-widget-image\" data-id=\"827cddf\" data-element_type=\"widget\" data-widget_type=\"image.default\">\n\t\t\t\t<div class=\"elementor-widget-container\">\n\t\t\t\t\t\t\t\t\t\t\t\t\t\t\t<img fetchpriority=\"high\" decoding=\"async\" width=\"800\" height=\"534\" src=\"https:\/\/cursopracticoseo.com\/colmed\/wp-content\/uploads\/2025\/08\/2-1024x683.jpg\" class=\"attachment-large size-large wp-image-993\" alt=\"\" srcset=\"https:\/\/cursopracticoseo.com\/colmed\/wp-content\/uploads\/2025\/08\/2-1024x683.jpg 1024w, https:\/\/cursopracticoseo.com\/colmed\/wp-content\/uploads\/2025\/08\/2-300x200.jpg 300w, https:\/\/cursopracticoseo.com\/colmed\/wp-content\/uploads\/2025\/08\/2-768x512.jpg 768w, https:\/\/cursopracticoseo.com\/colmed\/wp-content\/uploads\/2025\/08\/2.jpg 1080w\" sizes=\"(max-width: 800px) 100vw, 800px\" \/>\t\t\t\t\t\t\t\t\t\t\t\t\t\t\t<\/div>\n\t\t\t\t<\/div>\n\t\t\t\t<\/div>\n\t\t\t\t\t<\/div>\n\t\t\t\t<\/div>\n\t\t<div data-particle_enable=\"false\" data-particle-mobile-disabled=\"false\" class=\"elementor-element elementor-element-e3b0e8c e-flex e-con-boxed e-con e-parent\" data-id=\"e3b0e8c\" data-element_type=\"container\">\n\t\t\t\t\t<div class=\"e-con-inner\">\n\t\t\t\t<div class=\"elementor-element elementor-element-2ae9d72 elementor-widget elementor-widget-text-editor\" data-id=\"2ae9d72\" data-element_type=\"widget\" data-widget_type=\"text-editor.default\">\n\t\t\t\t<div class=\"elementor-widget-container\">\n\t\t\t\t\t\t\t\t\t<p><span style=\"font-family: verdana;\">Diario de Le\u00f3n \/ 24 de diciembre de 2021<br \/><\/span><span style=\"font-family: verdana;\">La ruptura del PP con los socios de Cs en el Gobierno auton\u00f3mico esta semana supuso la destituci\u00f3n de Ver\u00f3nica Casado como consejera de Sanidad y la entrada de Alejandro V\u00e1zquez. El representante de los m\u00e9dicos en la Comunidad, Jos\u00e9 Luis D\u00edaz Villarig, cree que marcar retos al nuevo consejero a mes y medio de las elecciones ser\u00eda un tanto precipitado, pero aprecia que entra \u00abcon otro talante\u00bb, ya que una de las primeras acciones de V\u00e1zquez fue llamarle y al d\u00eda siguiente convocar a los sindicatos sanitarios. \u00abEl consejero habla de consenso y conoce la gesti\u00f3n, no como ocurri\u00f3 con Casado, y ese consenso se necesita para reestructurar el sistema sanitario\u00bb, se\u00f1ala.<\/span><\/p>\t\t\t\t\t\t\t\t<\/div>\n\t\t\t\t<\/div>\n\t\t\t\t<div class=\"elementor-element elementor-element-8a9a499 elementor-align-center elementor-widget elementor-widget-button\" data-id=\"8a9a499\" data-element_type=\"widget\" data-widget_type=\"button.default\">\n\t\t\t\t<div class=\"elementor-widget-container\">\n\t\t\t\t\t\t\t\t\t<div class=\"elementor-button-wrapper\">\n\t\t\t\t\t<a class=\"elementor-button elementor-button-link elementor-size-sm\" href=\"https:\/\/cursopracticoseo.com\/colmed\/index.php\/comunicacion\/\">\n\t\t\t\t\t\t<span class=\"elementor-button-content-wrapper\">\n\t\t\t\t\t\t\t\t\t<span class=\"elementor-button-text\">M\u00e1s art\u00edculos<\/span>\n\t\t\t\t\t<\/span>\n\t\t\t\t\t<\/a>\n\t\t\t\t<\/div>\n\t\t\t\t\t\t\t\t<\/div>\n\t\t\t\t<\/div>\n\t\t\t\t\t<\/div>\n\t\t\t\t<\/div>\n\t\t\t\t<\/div>\n\t\t","protected":false},"excerpt":{"rendered":"<p>\u00abEl consejero habla de consenso y conoce la gesti\u00f3n, no como ocurri\u00f3 con Casado, y ese consenso se necesita para reestructurar el sistema sanitario\u00bb Diario de Le\u00f3n \/ 24 de diciembre de 2021La ruptura del PP con los socios de Cs en el Gobierno auton\u00f3mico esta semana supuso la destituci\u00f3n de Ver\u00f3nica Casado como consejera [&hellip;]<\/p>\n","protected":false},"author":1,"featured_media":993,"comment_status":"closed","ping_status":"open","sticky":false,"template":"","format":"standard","meta":{"footnotes":""},"categories":[9],"tags":[],"class_list":["post-1416","post","type-post","status-publish","format-standard","has-post-thumbnail","hentry","category-noticias"],"_links":{"self":[{"href":"https:\/\/cursopracticoseo.com\/colmed\/wp-json\/wp\/v2\/posts\/1416","targetHints":{"allow":["GET"]}}],"collection":[{"href":"https:\/\/cursopracticoseo.com\/colmed\/wp-json\/wp\/v2\/posts"}],"about":[{"href":"https:\/\/cursopracticoseo.com\/colmed\/wp-json\/wp\/v2\/types\/post"}],"author":[{"embeddable":true,"href":"https:\/\/cursopracticoseo.com\/colmed\/wp-json\/wp\/v2\/users\/1"}],"replies":[{"embeddable":true,"href":"https:\/\/cursopracticoseo.com\/colmed\/wp-json\/wp\/v2\/comments?post=1416"}],"version-history":[{"count":4,"href":"https:\/\/cursopracticoseo.com\/colmed\/wp-json\/wp\/v2\/posts\/1416\/revisions"}],"predecessor-version":[{"id":1420,"href":"https:\/\/cursopracticoseo.com\/colmed\/wp-json\/wp\/v2\/posts\/1416\/revisions\/1420"}],"wp:featuredmedia":[{"embeddable":true,"href":"https:\/\/cursopracticoseo.com\/colmed\/wp-json\/wp\/v2\/media\/993"}],"wp:attachment":[{"href":"https:\/\/cursopracticoseo.com\/colmed\/wp-json\/wp\/v2\/media?parent=1416"}],"wp:term":[{"taxonomy":"category","embeddable":true,"href":"https:\/\/cursopracticoseo.com\/colmed\/wp-json\/wp\/v2\/categories?post=1416"},{"taxonomy":"post_tag","embeddable":true,"href":"https:\/\/cursopracticoseo.com\/colmed\/wp-json\/wp\/v2\/tags?post=1416"}],"curies":[{"name":"wp","href":"https:\/\/api.w.org\/{rel}","templated":true}]}}