{"id":1421,"date":"2025-09-12T10:21:06","date_gmt":"2025-09-12T10:21:06","guid":{"rendered":"https:\/\/cursopracticoseo.com\/colmed\/?p=1421"},"modified":"2025-09-12T10:21:28","modified_gmt":"2025-09-12T10:21:28","slug":"el-presidente-del-colegio-oficial-de-medicos-de-castilla-y-leon-asegura-que-el-debate-sobre-la-atencion-primaria-y-el-sistema-sanitario-en-general-va-a-tener-mucho-recorrido%c2%9d","status":"publish","type":"post","link":"https:\/\/cursopracticoseo.com\/colmed\/el-presidente-del-colegio-oficial-de-medicos-de-castilla-y-leon-asegura-que-el-debate-sobre-la-atencion-primaria-y-el-sistema-sanitario-en-general-va-a-tener-mucho-recorrido%c2%9d\/","title":{"rendered":"El presidente del Colegio Oficial de M\u00e9dicos de Castilla y Le\u00f3n asegura que el debate sobre la atenci\u00f3n primaria y el sistema sanitario en general \u00abva a tener mucho recorrido\u00bb\u009d"},"content":{"rendered":"\t\t<div data-elementor-type=\"wp-post\" data-elementor-id=\"1421\" class=\"elementor elementor-1421\" data-elementor-post-type=\"post\">\n\t\t\t\t<div data-particle_enable=\"false\" data-particle-mobile-disabled=\"false\" class=\"elementor-element elementor-element-3296c3a e-flex e-con-boxed e-con e-parent\" data-id=\"3296c3a\" data-element_type=\"container\" data-settings=\"{&quot;background_background&quot;:&quot;classic&quot;}\">\n\t\t\t\t\t<div class=\"e-con-inner\">\n\t\t\t\t<div class=\"elementor-element elementor-element-d77fae8 elementor-widget elementor-widget-heading\" data-id=\"d77fae8\" data-element_type=\"widget\" data-widget_type=\"heading.default\">\n\t\t\t\t<div class=\"elementor-widget-container\">\n\t\t\t\t\t<h2 class=\"elementor-heading-title elementor-size-default\">El presidente del Colegio Oficial de M\u00e9dicos de Castilla y Le\u00f3n asegura que el debate sobre la atenci\u00f3n primaria y el sistema sanitario en general \u00abva a tener mucho recorrido\u00bb\u009d<\/h2>\t\t\t\t<\/div>\n\t\t\t\t<\/div>\n\t\t\t\t\t<\/div>\n\t\t\t\t<\/div>\n\t\t<div data-particle_enable=\"false\" data-particle-mobile-disabled=\"false\" class=\"elementor-element elementor-element-8d7a01d e-flex e-con-boxed e-con e-parent\" data-id=\"8d7a01d\" data-element_type=\"container\">\n\t\t\t\t\t<div class=\"e-con-inner\">\n\t\t<div data-particle_enable=\"false\" data-particle-mobile-disabled=\"false\" class=\"elementor-element elementor-element-beab196 e-con-full e-flex e-con e-child\" data-id=\"beab196\" data-element_type=\"container\">\n\t\t\t\t<div class=\"elementor-element elementor-element-753a172 elementor-widget elementor-widget-heading\" data-id=\"753a172\" data-element_type=\"widget\" data-widget_type=\"heading.default\">\n\t\t\t\t<div class=\"elementor-widget-container\">\n\t\t\t\t\t<h2 class=\"elementor-heading-title elementor-size-default\">\"Hagan todas las gestiones necesarias ante el Ministerio de Sanidad\"<\/h2>\t\t\t\t<\/div>\n\t\t\t\t<\/div>\n\t\t\t\t<\/div>\n\t\t<div data-particle_enable=\"false\" data-particle-mobile-disabled=\"false\" class=\"elementor-element elementor-element-0c3746a e-con-full e-flex e-con e-child\" data-id=\"0c3746a\" data-element_type=\"container\">\n\t\t\t\t<div class=\"elementor-element elementor-element-827cddf elementor-widget elementor-widget-image\" data-id=\"827cddf\" data-element_type=\"widget\" data-widget_type=\"image.default\">\n\t\t\t\t<div class=\"elementor-widget-container\">\n\t\t\t\t\t\t\t\t\t\t\t\t\t\t\t<img fetchpriority=\"high\" decoding=\"async\" width=\"800\" height=\"534\" src=\"https:\/\/cursopracticoseo.com\/colmed\/wp-content\/uploads\/2025\/08\/2-1024x683.jpg\" class=\"attachment-large size-large wp-image-993\" alt=\"\" srcset=\"https:\/\/cursopracticoseo.com\/colmed\/wp-content\/uploads\/2025\/08\/2-1024x683.jpg 1024w, https:\/\/cursopracticoseo.com\/colmed\/wp-content\/uploads\/2025\/08\/2-300x200.jpg 300w, https:\/\/cursopracticoseo.com\/colmed\/wp-content\/uploads\/2025\/08\/2-768x512.jpg 768w, https:\/\/cursopracticoseo.com\/colmed\/wp-content\/uploads\/2025\/08\/2.jpg 1080w\" sizes=\"(max-width: 800px) 100vw, 800px\" \/>\t\t\t\t\t\t\t\t\t\t\t\t\t\t\t<\/div>\n\t\t\t\t<\/div>\n\t\t\t\t<\/div>\n\t\t\t\t\t<\/div>\n\t\t\t\t<\/div>\n\t\t<div data-particle_enable=\"false\" data-particle-mobile-disabled=\"false\" class=\"elementor-element elementor-element-e3b0e8c e-flex e-con-boxed e-con e-parent\" data-id=\"e3b0e8c\" data-element_type=\"container\">\n\t\t\t\t\t<div class=\"e-con-inner\">\n\t\t\t\t<div class=\"elementor-element elementor-element-2ae9d72 elementor-widget elementor-widget-text-editor\" data-id=\"2ae9d72\" data-element_type=\"widget\" data-widget_type=\"text-editor.default\">\n\t\t\t\t<div class=\"elementor-widget-container\">\n\t\t\t\t\t\t\t\t\t<div>En una entrevista telef\u00f3nica con la Agencia EFE, tras su primera toma de contacto con el nuevo consejero, Alejandro V\u00e1zquez (PP), Villarig ha preferido no desvelar lo que ha hablado durante estos \u00faltimos meses con el presidente de la Junta, Alfonso Fern\u00e1ndez Ma\u00f1ueco, aunque ha a\u00f1adido que con su \u00abdesautorizaci\u00f3n absoluta\u00bb\u009d a Casado el pasado septiembre dej\u00f3 claro lo que pensaba: \u00abno hace falta que me dijera nada, lo plasm\u00f3 indudablemente en ese acto\u00bb\u009d.<\/div><div>Con estas palabras Villarig se ha referido al momento en el que el Grupo Popular, con el mandato de Ma\u00f1ueco, vot\u00f3 en las Cortes de Castilla y Le\u00f3n junto al PSOE una iniciativa que ped\u00eda a la propia Junta paralizar la reforma de la atenci\u00f3n primaria promovida por Ver\u00f3nica Casado, lo que en aquel momento gener\u00f3 tensiones entre los dos socios de Gobierno, encabezados por el propio Ma\u00f1ueco (PP) y Francisco Igea (Cs).<\/div><div>Sobre la abrupta finalizaci\u00f3n de la legislatura y la convocatoria de elecciones en este momento, con la sexta ola de la pandemia encima, Villarig ha afirmado que \u00abla situaci\u00f3n que se ha dado es una situaci\u00f3n prevista por las circunstancias de las \u00faltimas semanas\u00bb\u009d, a la vez que ha defendido que \u00abel sistema sanitario sigue funcionando, con unas estructuras que son las mismas (&#8230;), ha cambiado la cabeza y la gerencia regional, pero yo creo que ha cambiado para bien\u00bb\u009d.<\/div><div>\u00abEra de dominio p\u00fablico que iba a pasar algo y ha pasado\u00bb\u009d, ha resumido sin querer entrar en consideraciones pol\u00edticas sobre las motivaciones de Ma\u00f1ueco para adelantar estas elecciones, convencido de que la relaci\u00f3n de las organizaciones que dirige con la anterior consejera ha sido \u00ablamentablemente la peor en todos los much\u00edsimos a\u00f1os\u00bb\u009d que lleva al frente de estas entidades representativas de los m\u00e9dicos. \u00abNo ha habido consenso de ning\u00fan tipo\u00bb\u009d, ha sostenido.<\/div><div>Por contra, est\u00e1 seguro de que el nuevo consejero va a cambiar esa situaci\u00f3n y, aunque previene de que \u00abhay que ver los actos tambi\u00e9n\u00bb\u009d, ha considerado que su \u00abgran experiencia en la gesti\u00f3n sanitaria\u00bb\u009d y por tratarse de una \u00abpersona de di\u00e1logo absoluto con todo el mundo\u00bb\u009d, pueden darse condiciones \u00abmuy positivas para los ciudadanos\u00bb\u009d, a la espera de lo que ocurra finalmente en las elecciones del 13 de febrero.<\/div><div>De cara a la campa\u00f1a electoral y la elaboraci\u00f3n de los programas electorales, Villarig ha expresado que entrar\u00e1n en contacto con los diferentes partidos para realizar aportaciones y ver qu\u00e9 plantean para el futuro de la sanidad en esta Comunidad y que en su opini\u00f3n debe basarse en el acuerdo de todas las partes involucradas: \u00abNo es ni lo que diga yo ni lo que diga el de al lado, hay que mirar por el bien de los ciudadanos\u00bb\u009d, ha resumido.<\/div><div>Preguntado por si ve factible el compromiso del presidente de la Junta, Alfonso Fern\u00e1ndez Ma\u00f1ueco, acerca de la apertura de los consultorios locales, Villarig ha distinguido entre el momento actual, marcado por la pandemia y por la cercan\u00eda de las elecciones, y el futuro, que ser\u00e1 cuando habr\u00e1 que hablar de este tipo de cuestiones.<\/div><div>\u00abLlevado como se estaba llevando, esto iba al caos. Hay que tomar determinaciones importantes, con el consenso de todo el mundo (&#8230;) porque el sistema claro que tiene problemas\u00bb\u009d, ha dicho, mientras que en el corto plazo ha reconocido que \u00abtodo es relativo\u00bb\u009d: \u00abSi quiero abrir un consultorio para que no haya nada all\u00ed o que haya una mesa y dos sillas, es que eso no es asistencia sanitaria\u00bb\u009d.<\/div><div>En su opini\u00f3n, este debate sobre la apertura o no de los consultorios, est\u00e1 condicionado porque conviven dos sistemas, uno del \u00absiglo pasado\u00bb\u009d, en el que los m\u00e9dicos viv\u00edan en cada pueblo y atend\u00edan un consultorio local, y el otro, desde hace 40 a\u00f1os, basado en la existencia de centros de salud.<\/div><div>\u00ab\u00c2\u00bfC\u00f3mo tienen que convivir estos dos sistemas? Pues para eso nos tenemos que sentar. Vamos a ver de qu\u00e9 manera cambiamos, reformamos o reorganizamos o como lo queramos llamar un sistema sanitario en el que todo el mundo m\u00e1s o menos est\u00e9 de acuerdo\u00bb\u009d, ha apostillado.<\/div><div>Sin embargo, se ha preguntado: \u00ab\u00c2\u00bfVa a ser la misma asistencia la que recibe alguien que vive en lo alto de una monta\u00f1a en Las Hurdes o en Ria\u00f1o, que la de alguien que vive en Valladolid? Pues no&#8230;pero hay que hacer todo lo posible para que todo el mundo tenga una muy buena asistencia sanitaria\u00bb\u009d.<\/div><div>En cualquier caso, ha dado por hecho que este debate sobre la atenci\u00f3n primaria y el sistema sanitario en general \u00abva a tener mucho recorrido\u00bb\u009d y no se abordar\u00e1 en los pr\u00f3ximos dos meses, marcados por las elecciones.<\/div>\t\t\t\t\t\t\t\t<\/div>\n\t\t\t\t<\/div>\n\t\t\t\t<div class=\"elementor-element elementor-element-8a9a499 elementor-align-center elementor-widget elementor-widget-button\" data-id=\"8a9a499\" data-element_type=\"widget\" data-widget_type=\"button.default\">\n\t\t\t\t<div class=\"elementor-widget-container\">\n\t\t\t\t\t\t\t\t\t<div class=\"elementor-button-wrapper\">\n\t\t\t\t\t<a class=\"elementor-button elementor-button-link elementor-size-sm\" href=\"https:\/\/cursopracticoseo.com\/colmed\/index.php\/comunicacion\/\">\n\t\t\t\t\t\t<span class=\"elementor-button-content-wrapper\">\n\t\t\t\t\t\t\t\t\t<span class=\"elementor-button-text\">M\u00e1s art\u00edculos<\/span>\n\t\t\t\t\t<\/span>\n\t\t\t\t\t<\/a>\n\t\t\t\t<\/div>\n\t\t\t\t\t\t\t\t<\/div>\n\t\t\t\t<\/div>\n\t\t\t\t\t<\/div>\n\t\t\t\t<\/div>\n\t\t\t\t<\/div>\n\t\t","protected":false},"excerpt":{"rendered":"<p>\u00abHagan todas las gestiones necesarias ante el Ministerio de Sanidad\u00bb En una entrevista telef\u00f3nica con la Agencia EFE, tras su primera toma de contacto con el nuevo consejero, Alejandro V\u00e1zquez (PP), Villarig ha preferido no desvelar lo que ha hablado durante estos \u00faltimos meses con el presidente de la Junta, Alfonso Fern\u00e1ndez Ma\u00f1ueco, aunque ha [&hellip;]<\/p>\n","protected":false},"author":1,"featured_media":993,"comment_status":"closed","ping_status":"open","sticky":false,"template":"","format":"standard","meta":{"footnotes":""},"categories":[9],"tags":[],"class_list":["post-1421","post","type-post","status-publish","format-standard","has-post-thumbnail","hentry","category-noticias"],"_links":{"self":[{"href":"https:\/\/cursopracticoseo.com\/colmed\/wp-json\/wp\/v2\/posts\/1421","targetHints":{"allow":["GET"]}}],"collection":[{"href":"https:\/\/cursopracticoseo.com\/colmed\/wp-json\/wp\/v2\/posts"}],"about":[{"href":"https:\/\/cursopracticoseo.com\/colmed\/wp-json\/wp\/v2\/types\/post"}],"author":[{"embeddable":true,"href":"https:\/\/cursopracticoseo.com\/colmed\/wp-json\/wp\/v2\/users\/1"}],"replies":[{"embeddable":true,"href":"https:\/\/cursopracticoseo.com\/colmed\/wp-json\/wp\/v2\/comments?post=1421"}],"version-history":[{"count":4,"href":"https:\/\/cursopracticoseo.com\/colmed\/wp-json\/wp\/v2\/posts\/1421\/revisions"}],"predecessor-version":[{"id":1425,"href":"https:\/\/cursopracticoseo.com\/colmed\/wp-json\/wp\/v2\/posts\/1421\/revisions\/1425"}],"wp:featuredmedia":[{"embeddable":true,"href":"https:\/\/cursopracticoseo.com\/colmed\/wp-json\/wp\/v2\/media\/993"}],"wp:attachment":[{"href":"https:\/\/cursopracticoseo.com\/colmed\/wp-json\/wp\/v2\/media?parent=1421"}],"wp:term":[{"taxonomy":"category","embeddable":true,"href":"https:\/\/cursopracticoseo.com\/colmed\/wp-json\/wp\/v2\/categories?post=1421"},{"taxonomy":"post_tag","embeddable":true,"href":"https:\/\/cursopracticoseo.com\/colmed\/wp-json\/wp\/v2\/tags?post=1421"}],"curies":[{"name":"wp","href":"https:\/\/api.w.org\/{rel}","templated":true}]}}